{"id":4789,"date":"2024-11-04T10:08:37","date_gmt":"2024-11-04T14:08:37","guid":{"rendered":"https:\/\/www.municipalidadlagoranco.cl\/web\/?p=4789"},"modified":"2025-10-21T07:28:42","modified_gmt":"2025-10-21T11:28:42","slug":"concurso-publico","status":"publish","type":"post","link":"https:\/\/www.municipalidadlagoranco.cl\/web\/concurso-publico\/","title":{"rendered":"Concurso P\u00fablico"},"content":{"rendered":"[vc_row][vc_column][vc_separator][\/vc_column][\/vc_row][vc_row][vc_column][vc_single_image image=\u00bb4902&#8243; img_size=\u00bbfull\u00bb style=\u00bbvc_box_border\u00bb][vc_empty_space][vc_column_text][\/vc_column_text][vc_column_text]\r\n<h3><strong>\u00ab<b>LLAMADO A CONCURSO P\u00daBLICO PARA PROVEER CARGOS\u00bb<\/b><\/strong><span style=\"color: #000080;\"><strong>\r\n<\/strong><\/span><\/h3>\r\n<img loading=\"lazy\" decoding=\"async\" class=\"alignnone size-full wp-image-2773\" src=\"http:\/\/www.municipalidadlagoranco.cl\/web\/wp-content\/uploads\/2021\/10\/Postulaciones-Abiertas-1.jpg\" alt=\"\" width=\"454\" height=\"85\" srcset=\"https:\/\/www.municipalidadlagoranco.cl\/web\/wp-content\/uploads\/2021\/10\/Postulaciones-Abiertas-1.jpg 454w, https:\/\/www.municipalidadlagoranco.cl\/web\/wp-content\/uploads\/2021\/10\/Postulaciones-Abiertas-1-300x56.jpg 300w\" sizes=\"auto, (max-width: 454px) 100vw, 454px\" \/>\r\n\r\n<strong>LLAMADO\u00a0A\u00a0CONCURSO\u00a0P\u00daBLICO PARA PROVEER CARGO VACANTE EN LA PLANTA MUNICIPAL DE LA\u00a0ILUSTRE MUNICIPALIDAD LAGO RANCO<\/strong>\r\n\r\nLa \u00a0 Ilustre Municipalidad de Lago Ranco llama a\u00a0concurso\u00a0p\u00fablico para para proveer el siguiente cargo vacante en la planta de personal:\r\n<table width=\"670\">\r\n<tbody>\r\n<tr>\r\n<td width=\"151\"><strong><em>CARGO<\/em><\/strong><\/td>\r\n<td width=\"119\"><strong><em>GRADO E.U.M.<\/em><\/strong><\/td>\r\n<td width=\"400\"><strong><em>PERFIL<\/em><\/strong><\/td>\r\n<\/tr>\r\n<tr>\r\n<td width=\"151\"><em>Administrativo<\/em><\/td>\r\n<td width=\"119\"><em>15\u00b0<\/em><\/td>\r\n<td width=\"400\"><em>Direcci\u00f3n de Administraci\u00f3n y Finanzas<\/em><\/td>\r\n<\/tr>\r\n<\/tbody>\r\n<\/table>\r\n&nbsp;\r\n\r\n<strong><u>Plazos:<\/u><\/strong>\r\n<table width=\"672\">\r\n<tbody>\r\n<tr>\r\n<td width=\"499\"><strong><em>PROCESO<\/em><\/strong><\/td>\r\n<td width=\"87\"><strong><em>DESDE<\/em><\/strong><\/td>\r\n<td width=\"87\"><strong><em>HASTA<\/em><\/strong><\/td>\r\n<\/tr>\r\n<tr>\r\n<td width=\"499\"><em>Publicaci\u00f3n en Diario Austral de Valdivia<\/em><\/td>\r\n<td width=\"87\"><em>13-10-2025<\/em><\/td>\r\n<td width=\"87\"><em>13-10-2025<\/em><\/td>\r\n<\/tr>\r\n<tr>\r\n<td width=\"499\"><em>Publicaci\u00f3n de las bases en p\u00e1gina web Municipal<\/em><\/td>\r\n<td width=\"87\"><em>13-10-2025<\/em><\/td>\r\n<td width=\"87\"><em>30-10-2025<\/em><\/td>\r\n<\/tr>\r\n<tr>\r\n<td width=\"499\"><em>Periodo de recepci\u00f3n de antecedentes\u00a0<\/em><\/td>\r\n<td width=\"87\"><em>17-10-2025<\/em><\/td>\r\n<td width=\"87\"><em>30-10-2025<\/em><\/td>\r\n<\/tr>\r\n<tr>\r\n<td width=\"499\"><em>Evaluaci\u00f3n de antecedentes, entrevistas y presentaci\u00f3n de la terna<\/em><\/td>\r\n<td width=\"87\"><em>03-11-2025<\/em><\/td>\r\n<td width=\"87\"><em>14-11-2025<\/em><\/td>\r\n<\/tr>\r\n<tr>\r\n<td width=\"499\"><em>Resoluci\u00f3n del Concurso<\/em><\/td>\r\n<td width=\"87\"><em>17-11-2025<\/em><\/td>\r\n<td width=\"87\"><em>17-11-2025<\/em><\/td>\r\n<\/tr>\r\n<tr>\r\n<td width=\"499\"><em>Notificaci\u00f3n al candidato seleccionado<\/em><\/td>\r\n<td width=\"87\"><em>18-11-2025<\/em><\/td>\r\n<td width=\"87\"><em>19-11-2025<\/em><\/td>\r\n<\/tr>\r\n<tr>\r\n<td width=\"499\"><em>Aceptaci\u00f3n del cargo<\/em><\/td>\r\n<td width=\"87\"><em>20-11-2025<\/em><\/td>\r\n<td width=\"87\"><em>28-11-2025<\/em><\/td>\r\n<\/tr>\r\n<tr>\r\n<td width=\"499\"><em>Fecha estimada en que asume el cargo<\/em><\/td>\r\n<td width=\"87\"><em>01-12-2025<\/em><\/td>\r\n<td width=\"87\"><em>01-12-2025<\/em><\/td>\r\n<\/tr>\r\n<\/tbody>\r\n<\/table>\r\n&nbsp;\r\n\r\nCabe se\u00f1alar que las fechas anteriormente se\u00f1aladas, podr\u00edan sufrir modificaciones justificadas siempre que no vayan en desmedro de los\/as postulantes. Dicha modificaci\u00f3n deber\u00e1 ser publicada en el sitio web de la Municipalidad.\r\n\r\n<strong><u>Requisitos:<\/u><\/strong>\u00a0De acuerdo a lo establecido en las bases del Concurso\r\n\r\n<strong><u>Formato de anexos<\/u><\/strong>: Solicitados en las bases para la postulaci\u00f3n:\r\n\r\n1.- Anexo N\u00b01: Ficha de postulaci\u00f3n Concurso P\u00fablico\r\n\r\n3.- Anexo N\u00b02: Curriculum Vitae Resumido\r\n\r\n4.- Anexo N\u00b03: Declaraci\u00f3n Jurada Simple\r\n\r\n<span style=\"color: #ff0000;\"><strong>RECUERDA DESCARGAR Y LEER ATENTAMENTE LOS REQUISITOS Y ANTECEDENTES ESTABLECIDOS EN LAS BASES DEL\u00a0CONCURSO<\/strong><\/span>\r\n\r\n<a class=\"ts-button ts-color-blue ts-button-medium ts-icon-left ts-align-left ts-button-effect\" href=\"https:\/\/www.municipalidadlagoranco.cl\/web\/wp-content\/uploads\/2025\/10\/Anexo-N\u00b01-Ficha-de-postulacion1.doc\" target=\"_blank\"><span class=\"ts-button-icon\"><span class=\"ts-btn-icon fa fa-download\"><\/span><\/span><span class=\"ts-button-title\">Anexo 1<\/span><\/a>\r\n\r\n<a class=\"ts-button ts-color-blue ts-button-medium ts-icon-left ts-align-left ts-button-effect\" href=\"https:\/\/www.municipalidadlagoranco.cl\/web\/wp-content\/uploads\/2025\/10\/Anexo-N\u00b02-Curriculum-Vitae-Resumido1.docx\" target=\"_blank\"><span class=\"ts-button-icon\"><span class=\"ts-btn-icon fa fa-download\"><\/span><\/span><span class=\"ts-button-title\">Anexo 2<\/span><\/a>\r\n\r\n<a class=\"ts-button ts-color-blue ts-button-medium ts-icon-left ts-align-left ts-button-effect\" href=\"https:\/\/www.municipalidadlagoranco.cl\/web\/wp-content\/uploads\/2025\/10\/Anexo-N\u00b03-Declaracion-Jurada-Simple1.doc\" target=\"_blank\"><span class=\"ts-button-icon\"><span class=\"ts-btn-icon fa fa-download\"><\/span><\/span><span class=\"ts-button-title\">Anexo 3<\/span><\/a>\r\n\r\n<a class=\"ts-button ts-color-green ts-button-medium ts-icon-left ts-align-left ts-button-effect\" href=\"https:\/\/www.municipalidadlagoranco.cl\/web\/wp-content\/uploads\/2025\/10\/Decreto-N\u00b02934-Bases-concurso-Administrativo-G15-1.pdf\" target=\"_blank\"><span class=\"ts-button-icon\"><span class=\"ts-btn-icon fa fa-download\"><\/span><\/span><span class=\"ts-button-title\">Descargar Bases<\/span><\/a>[\/vc_column_text][vc_zigzag][\/vc_column][\/vc_row][vc_column][\/vc_column]","protected":false},"excerpt":{"rendered":"<p>[vc_row][vc_column][vc_separator][\/vc_column][\/vc_row][vc_row][vc_column][vc_single_image image=\u00bb4902&#8243; img_size=\u00bbfull\u00bb style=\u00bbvc_box_border\u00bb][vc_empty_space][vc_column_text][\/vc_column_text][vc_column_text] \u00abLLAMADO A CONCURSO P\u00daBLICO PARA PROVEER CARGOS\u00bb LLAMADO\u00a0A\u00a0CONCURSO\u00a0P\u00daBLICO PARA PROVEER CARGO VACANTE EN LA PLANTA MUNICIPAL DE LA\u00a0ILUSTRE MUNICIPALIDAD LAGO RANCO La \u00a0 Ilustre Municipalidad de Lago Ranco llama a\u00a0concurso\u00a0p\u00fablico para para proveer el siguiente cargo vacante en la planta de personal: CARGO GRADO E.U.M. PERFIL Administrativo 15\u00b0 Direcci\u00f3n de Administraci\u00f3n [&hellip;]<\/p>\n","protected":false},"author":7,"featured_media":0,"comment_status":"closed","ping_status":"open","sticky":false,"template":"","format":"standard","meta":{"_exactmetrics_skip_tracking":false,"footnotes":""},"categories":[1],"tags":[],"class_list":["post-4789","post","type-post","status-publish","format-standard","hentry","category-uncategorized","readmore-type-button"],"yoast_head":"<!-- This site is optimized with the Yoast SEO plugin v28.2 - https:\/\/yoast.com\/product\/yoast-seo-wordpress\/ -->\n<title>Concurso P\u00fablico - Municipalidad Lago Ranco<\/title>\n<meta name=\"robots\" content=\"index, follow, max-snippet:-1, max-image-preview:large, max-video-preview:-1\" \/>\n<link rel=\"canonical\" href=\"https:\/\/www.municipalidadlagoranco.cl\/web\/concurso-publico\/\" \/>\n<meta property=\"og:locale\" content=\"es_ES\" \/>\n<meta property=\"og:type\" content=\"article\" \/>\n<meta property=\"og:title\" content=\"Concurso P\u00fablico - Municipalidad Lago Ranco\" \/>\n<meta property=\"og:description\" content=\"[vc_row][vc_column][vc_separator][\/vc_column][\/vc_row][vc_row][vc_column][vc_single_image image=\u00bb4902&#8243; img_size=\u00bbfull\u00bb style=\u00bbvc_box_border\u00bb][vc_empty_space][vc_column_text][\/vc_column_text][vc_column_text] \u00abLLAMADO A CONCURSO P\u00daBLICO PARA PROVEER CARGOS\u00bb LLAMADO\u00a0A\u00a0CONCURSO\u00a0P\u00daBLICO PARA PROVEER CARGO VACANTE EN LA PLANTA MUNICIPAL DE LA\u00a0ILUSTRE MUNICIPALIDAD LAGO RANCO La \u00a0 Ilustre Municipalidad de Lago Ranco llama a\u00a0concurso\u00a0p\u00fablico para para proveer el siguiente cargo vacante en la planta de personal: CARGO GRADO E.U.M. PERFIL Administrativo 15\u00b0 Direcci\u00f3n de Administraci\u00f3n [&hellip;]\" \/>\n<meta property=\"og:url\" content=\"https:\/\/www.municipalidadlagoranco.cl\/web\/concurso-publico\/\" \/>\n<meta property=\"og:site_name\" content=\"Municipalidad Lago Ranco\" \/>\n<meta property=\"article:published_time\" content=\"2024-11-04T14:08:37+00:00\" \/>\n<meta property=\"article:modified_time\" content=\"2025-10-21T11:28:42+00:00\" \/>\n<meta property=\"og:image\" content=\"https:\/\/www.municipalidadlagoranco.cl\/web\/wp-content\/uploads\/2021\/10\/Postulaciones-Abiertas-1.jpg\" \/>\n\t<meta property=\"og:image:width\" content=\"454\" \/>\n\t<meta property=\"og:image:height\" content=\"85\" \/>\n\t<meta property=\"og:image:type\" content=\"image\/jpeg\" \/>\n<meta name=\"author\" content=\"Luis Alvarez\" \/>\n<meta name=\"twitter:card\" content=\"summary_large_image\" \/>\n<meta name=\"twitter:label1\" content=\"Escrito por\" \/>\n\t<meta name=\"twitter:data1\" content=\"Luis Alvarez\" \/>\n\t<meta name=\"twitter:label2\" content=\"Tiempo de lectura\" \/>\n\t<meta name=\"twitter:data2\" content=\"2 minutos\" \/>\n<script type=\"application\/ld+json\" class=\"yoast-schema-graph\">{\"@context\":\"https:\\\/\\\/schema.org\",\"@graph\":[{\"@type\":\"Article\",\"@id\":\"https:\\\/\\\/www.municipalidadlagoranco.cl\\\/web\\\/concurso-publico\\\/#article\",\"isPartOf\":{\"@id\":\"https:\\\/\\\/www.municipalidadlagoranco.cl\\\/web\\\/concurso-publico\\\/\"},\"author\":{\"name\":\"Luis Alvarez\",\"@id\":\"https:\\\/\\\/www.municipalidadlagoranco.cl\\\/web\\\/#\\\/schema\\\/person\\\/f2cbf47c0888fb49ed9708bf043a5db1\"},\"headline\":\"Concurso P\u00fablico\",\"datePublished\":\"2024-11-04T14:08:37+00:00\",\"dateModified\":\"2025-10-21T11:28:42+00:00\",\"mainEntityOfPage\":{\"@id\":\"https:\\\/\\\/www.municipalidadlagoranco.cl\\\/web\\\/concurso-publico\\\/\"},\"wordCount\":440,\"publisher\":{\"@id\":\"https:\\\/\\\/www.municipalidadlagoranco.cl\\\/web\\\/#organization\"},\"image\":{\"@id\":\"https:\\\/\\\/www.municipalidadlagoranco.cl\\\/web\\\/concurso-publico\\\/#primaryimage\"},\"thumbnailUrl\":\"http:\\\/\\\/www.municipalidadlagoranco.cl\\\/web\\\/wp-content\\\/uploads\\\/2021\\\/10\\\/Postulaciones-Abiertas-1.jpg\",\"articleSection\":[\"Uncategorized\"],\"inLanguage\":\"es\"},{\"@type\":\"WebPage\",\"@id\":\"https:\\\/\\\/www.municipalidadlagoranco.cl\\\/web\\\/concurso-publico\\\/\",\"url\":\"https:\\\/\\\/www.municipalidadlagoranco.cl\\\/web\\\/concurso-publico\\\/\",\"name\":\"Concurso P\u00fablico - Municipalidad Lago Ranco\",\"isPartOf\":{\"@id\":\"https:\\\/\\\/www.municipalidadlagoranco.cl\\\/web\\\/#website\"},\"primaryImageOfPage\":{\"@id\":\"https:\\\/\\\/www.municipalidadlagoranco.cl\\\/web\\\/concurso-publico\\\/#primaryimage\"},\"image\":{\"@id\":\"https:\\\/\\\/www.municipalidadlagoranco.cl\\\/web\\\/concurso-publico\\\/#primaryimage\"},\"thumbnailUrl\":\"http:\\\/\\\/www.municipalidadlagoranco.cl\\\/web\\\/wp-content\\\/uploads\\\/2021\\\/10\\\/Postulaciones-Abiertas-1.jpg\",\"datePublished\":\"2024-11-04T14:08:37+00:00\",\"dateModified\":\"2025-10-21T11:28:42+00:00\",\"breadcrumb\":{\"@id\":\"https:\\\/\\\/www.municipalidadlagoranco.cl\\\/web\\\/concurso-publico\\\/#breadcrumb\"},\"inLanguage\":\"es\",\"potentialAction\":[{\"@type\":\"ReadAction\",\"target\":[\"https:\\\/\\\/www.municipalidadlagoranco.cl\\\/web\\\/concurso-publico\\\/\"]}]},{\"@type\":\"ImageObject\",\"inLanguage\":\"es\",\"@id\":\"https:\\\/\\\/www.municipalidadlagoranco.cl\\\/web\\\/concurso-publico\\\/#primaryimage\",\"url\":\"https:\\\/\\\/www.municipalidadlagoranco.cl\\\/web\\\/wp-content\\\/uploads\\\/2021\\\/10\\\/Postulaciones-Abiertas-1.jpg\",\"contentUrl\":\"https:\\\/\\\/www.municipalidadlagoranco.cl\\\/web\\\/wp-content\\\/uploads\\\/2021\\\/10\\\/Postulaciones-Abiertas-1.jpg\",\"width\":454,\"height\":85},{\"@type\":\"BreadcrumbList\",\"@id\":\"https:\\\/\\\/www.municipalidadlagoranco.cl\\\/web\\\/concurso-publico\\\/#breadcrumb\",\"itemListElement\":[{\"@type\":\"ListItem\",\"position\":1,\"name\":\"Portada\",\"item\":\"https:\\\/\\\/www.municipalidadlagoranco.cl\\\/web\\\/\"},{\"@type\":\"ListItem\",\"position\":2,\"name\":\"Concurso P\u00fablico\"}]},{\"@type\":\"WebSite\",\"@id\":\"https:\\\/\\\/www.municipalidadlagoranco.cl\\\/web\\\/#website\",\"url\":\"https:\\\/\\\/www.municipalidadlagoranco.cl\\\/web\\\/\",\"name\":\"Municipalidad Lago Ranco\",\"description\":\"Municipalidad Lago Ranco\",\"publisher\":{\"@id\":\"https:\\\/\\\/www.municipalidadlagoranco.cl\\\/web\\\/#organization\"},\"potentialAction\":[{\"@type\":\"SearchAction\",\"target\":{\"@type\":\"EntryPoint\",\"urlTemplate\":\"https:\\\/\\\/www.municipalidadlagoranco.cl\\\/web\\\/?s={search_term_string}\"},\"query-input\":{\"@type\":\"PropertyValueSpecification\",\"valueRequired\":true,\"valueName\":\"search_term_string\"}}],\"inLanguage\":\"es\"},{\"@type\":\"Organization\",\"@id\":\"https:\\\/\\\/www.municipalidadlagoranco.cl\\\/web\\\/#organization\",\"name\":\"Municipalidad de Lago Ranco\",\"url\":\"https:\\\/\\\/www.municipalidadlagoranco.cl\\\/web\\\/\",\"logo\":{\"@type\":\"ImageObject\",\"inLanguage\":\"es\",\"@id\":\"https:\\\/\\\/www.municipalidadlagoranco.cl\\\/web\\\/#\\\/schema\\\/logo\\\/image\\\/\",\"url\":\"http:\\\/\\\/www.municipalidadlagoranco.cl\\\/web\\\/wp-content\\\/uploads\\\/2017\\\/08\\\/Logo-PNG-2.0-1-2.png\",\"contentUrl\":\"http:\\\/\\\/www.municipalidadlagoranco.cl\\\/web\\\/wp-content\\\/uploads\\\/2017\\\/08\\\/Logo-PNG-2.0-1-2.png\",\"width\":100,\"height\":135,\"caption\":\"Municipalidad de Lago Ranco\"},\"image\":{\"@id\":\"https:\\\/\\\/www.municipalidadlagoranco.cl\\\/web\\\/#\\\/schema\\\/logo\\\/image\\\/\"}},{\"@type\":\"Person\",\"@id\":\"https:\\\/\\\/www.municipalidadlagoranco.cl\\\/web\\\/#\\\/schema\\\/person\\\/f2cbf47c0888fb49ed9708bf043a5db1\",\"name\":\"Luis Alvarez\",\"image\":{\"@type\":\"ImageObject\",\"inLanguage\":\"es\",\"@id\":\"https:\\\/\\\/secure.gravatar.com\\\/avatar\\\/1c71a5dc3cb8d59db518c0124b7dd5d52490470c8192ea556f23b3d2a000a582?s=96&d=mm&r=g\",\"url\":\"https:\\\/\\\/secure.gravatar.com\\\/avatar\\\/1c71a5dc3cb8d59db518c0124b7dd5d52490470c8192ea556f23b3d2a000a582?s=96&d=mm&r=g\",\"contentUrl\":\"https:\\\/\\\/secure.gravatar.com\\\/avatar\\\/1c71a5dc3cb8d59db518c0124b7dd5d52490470c8192ea556f23b3d2a000a582?s=96&d=mm&r=g\",\"caption\":\"Luis Alvarez\"},\"url\":\"https:\\\/\\\/www.municipalidadlagoranco.cl\\\/web\\\/author\\\/informatica\\\/\"}]}<\/script>\n<!-- \/ Yoast SEO plugin. -->","yoast_head_json":{"title":"Concurso P\u00fablico - Municipalidad Lago Ranco","robots":{"index":"index","follow":"follow","max-snippet":"max-snippet:-1","max-image-preview":"max-image-preview:large","max-video-preview":"max-video-preview:-1"},"canonical":"https:\/\/www.municipalidadlagoranco.cl\/web\/concurso-publico\/","og_locale":"es_ES","og_type":"article","og_title":"Concurso P\u00fablico - Municipalidad Lago Ranco","og_description":"[vc_row][vc_column][vc_separator][\/vc_column][\/vc_row][vc_row][vc_column][vc_single_image image=\u00bb4902&#8243; img_size=\u00bbfull\u00bb style=\u00bbvc_box_border\u00bb][vc_empty_space][vc_column_text][\/vc_column_text][vc_column_text] \u00abLLAMADO A CONCURSO P\u00daBLICO PARA PROVEER CARGOS\u00bb LLAMADO\u00a0A\u00a0CONCURSO\u00a0P\u00daBLICO PARA PROVEER CARGO VACANTE EN LA PLANTA MUNICIPAL DE LA\u00a0ILUSTRE MUNICIPALIDAD LAGO RANCO La \u00a0 Ilustre Municipalidad de Lago Ranco llama a\u00a0concurso\u00a0p\u00fablico para para proveer el siguiente cargo vacante en la planta de personal: CARGO GRADO E.U.M. PERFIL Administrativo 15\u00b0 Direcci\u00f3n de Administraci\u00f3n [&hellip;]","og_url":"https:\/\/www.municipalidadlagoranco.cl\/web\/concurso-publico\/","og_site_name":"Municipalidad Lago Ranco","article_published_time":"2024-11-04T14:08:37+00:00","article_modified_time":"2025-10-21T11:28:42+00:00","og_image":[{"width":454,"height":85,"url":"https:\/\/www.municipalidadlagoranco.cl\/web\/wp-content\/uploads\/2021\/10\/Postulaciones-Abiertas-1.jpg","type":"image\/jpeg"}],"author":"Luis Alvarez","twitter_card":"summary_large_image","twitter_misc":{"Escrito por":"Luis Alvarez","Tiempo de lectura":"2 minutos"},"schema":{"@context":"https:\/\/schema.org","@graph":[{"@type":"Article","@id":"https:\/\/www.municipalidadlagoranco.cl\/web\/concurso-publico\/#article","isPartOf":{"@id":"https:\/\/www.municipalidadlagoranco.cl\/web\/concurso-publico\/"},"author":{"name":"Luis Alvarez","@id":"https:\/\/www.municipalidadlagoranco.cl\/web\/#\/schema\/person\/f2cbf47c0888fb49ed9708bf043a5db1"},"headline":"Concurso P\u00fablico","datePublished":"2024-11-04T14:08:37+00:00","dateModified":"2025-10-21T11:28:42+00:00","mainEntityOfPage":{"@id":"https:\/\/www.municipalidadlagoranco.cl\/web\/concurso-publico\/"},"wordCount":440,"publisher":{"@id":"https:\/\/www.municipalidadlagoranco.cl\/web\/#organization"},"image":{"@id":"https:\/\/www.municipalidadlagoranco.cl\/web\/concurso-publico\/#primaryimage"},"thumbnailUrl":"http:\/\/www.municipalidadlagoranco.cl\/web\/wp-content\/uploads\/2021\/10\/Postulaciones-Abiertas-1.jpg","articleSection":["Uncategorized"],"inLanguage":"es"},{"@type":"WebPage","@id":"https:\/\/www.municipalidadlagoranco.cl\/web\/concurso-publico\/","url":"https:\/\/www.municipalidadlagoranco.cl\/web\/concurso-publico\/","name":"Concurso P\u00fablico - Municipalidad Lago Ranco","isPartOf":{"@id":"https:\/\/www.municipalidadlagoranco.cl\/web\/#website"},"primaryImageOfPage":{"@id":"https:\/\/www.municipalidadlagoranco.cl\/web\/concurso-publico\/#primaryimage"},"image":{"@id":"https:\/\/www.municipalidadlagoranco.cl\/web\/concurso-publico\/#primaryimage"},"thumbnailUrl":"http:\/\/www.municipalidadlagoranco.cl\/web\/wp-content\/uploads\/2021\/10\/Postulaciones-Abiertas-1.jpg","datePublished":"2024-11-04T14:08:37+00:00","dateModified":"2025-10-21T11:28:42+00:00","breadcrumb":{"@id":"https:\/\/www.municipalidadlagoranco.cl\/web\/concurso-publico\/#breadcrumb"},"inLanguage":"es","potentialAction":[{"@type":"ReadAction","target":["https:\/\/www.municipalidadlagoranco.cl\/web\/concurso-publico\/"]}]},{"@type":"ImageObject","inLanguage":"es","@id":"https:\/\/www.municipalidadlagoranco.cl\/web\/concurso-publico\/#primaryimage","url":"https:\/\/www.municipalidadlagoranco.cl\/web\/wp-content\/uploads\/2021\/10\/Postulaciones-Abiertas-1.jpg","contentUrl":"https:\/\/www.municipalidadlagoranco.cl\/web\/wp-content\/uploads\/2021\/10\/Postulaciones-Abiertas-1.jpg","width":454,"height":85},{"@type":"BreadcrumbList","@id":"https:\/\/www.municipalidadlagoranco.cl\/web\/concurso-publico\/#breadcrumb","itemListElement":[{"@type":"ListItem","position":1,"name":"Portada","item":"https:\/\/www.municipalidadlagoranco.cl\/web\/"},{"@type":"ListItem","position":2,"name":"Concurso P\u00fablico"}]},{"@type":"WebSite","@id":"https:\/\/www.municipalidadlagoranco.cl\/web\/#website","url":"https:\/\/www.municipalidadlagoranco.cl\/web\/","name":"Municipalidad Lago Ranco","description":"Municipalidad Lago Ranco","publisher":{"@id":"https:\/\/www.municipalidadlagoranco.cl\/web\/#organization"},"potentialAction":[{"@type":"SearchAction","target":{"@type":"EntryPoint","urlTemplate":"https:\/\/www.municipalidadlagoranco.cl\/web\/?s={search_term_string}"},"query-input":{"@type":"PropertyValueSpecification","valueRequired":true,"valueName":"search_term_string"}}],"inLanguage":"es"},{"@type":"Organization","@id":"https:\/\/www.municipalidadlagoranco.cl\/web\/#organization","name":"Municipalidad de Lago Ranco","url":"https:\/\/www.municipalidadlagoranco.cl\/web\/","logo":{"@type":"ImageObject","inLanguage":"es","@id":"https:\/\/www.municipalidadlagoranco.cl\/web\/#\/schema\/logo\/image\/","url":"http:\/\/www.municipalidadlagoranco.cl\/web\/wp-content\/uploads\/2017\/08\/Logo-PNG-2.0-1-2.png","contentUrl":"http:\/\/www.municipalidadlagoranco.cl\/web\/wp-content\/uploads\/2017\/08\/Logo-PNG-2.0-1-2.png","width":100,"height":135,"caption":"Municipalidad de Lago Ranco"},"image":{"@id":"https:\/\/www.municipalidadlagoranco.cl\/web\/#\/schema\/logo\/image\/"}},{"@type":"Person","@id":"https:\/\/www.municipalidadlagoranco.cl\/web\/#\/schema\/person\/f2cbf47c0888fb49ed9708bf043a5db1","name":"Luis Alvarez","image":{"@type":"ImageObject","inLanguage":"es","@id":"https:\/\/secure.gravatar.com\/avatar\/1c71a5dc3cb8d59db518c0124b7dd5d52490470c8192ea556f23b3d2a000a582?s=96&d=mm&r=g","url":"https:\/\/secure.gravatar.com\/avatar\/1c71a5dc3cb8d59db518c0124b7dd5d52490470c8192ea556f23b3d2a000a582?s=96&d=mm&r=g","contentUrl":"https:\/\/secure.gravatar.com\/avatar\/1c71a5dc3cb8d59db518c0124b7dd5d52490470c8192ea556f23b3d2a000a582?s=96&d=mm&r=g","caption":"Luis Alvarez"},"url":"https:\/\/www.municipalidadlagoranco.cl\/web\/author\/informatica\/"}]}},"_links":{"self":[{"href":"https:\/\/www.municipalidadlagoranco.cl\/web\/wp-json\/wp\/v2\/posts\/4789","targetHints":{"allow":["GET"]}}],"collection":[{"href":"https:\/\/www.municipalidadlagoranco.cl\/web\/wp-json\/wp\/v2\/posts"}],"about":[{"href":"https:\/\/www.municipalidadlagoranco.cl\/web\/wp-json\/wp\/v2\/types\/post"}],"author":[{"embeddable":true,"href":"https:\/\/www.municipalidadlagoranco.cl\/web\/wp-json\/wp\/v2\/users\/7"}],"replies":[{"embeddable":true,"href":"https:\/\/www.municipalidadlagoranco.cl\/web\/wp-json\/wp\/v2\/comments?post=4789"}],"version-history":[{"count":30,"href":"https:\/\/www.municipalidadlagoranco.cl\/web\/wp-json\/wp\/v2\/posts\/4789\/revisions"}],"predecessor-version":[{"id":5700,"href":"https:\/\/www.municipalidadlagoranco.cl\/web\/wp-json\/wp\/v2\/posts\/4789\/revisions\/5700"}],"wp:attachment":[{"href":"https:\/\/www.municipalidadlagoranco.cl\/web\/wp-json\/wp\/v2\/media?parent=4789"}],"wp:term":[{"taxonomy":"category","embeddable":true,"href":"https:\/\/www.municipalidadlagoranco.cl\/web\/wp-json\/wp\/v2\/categories?post=4789"},{"taxonomy":"post_tag","embeddable":true,"href":"https:\/\/www.municipalidadlagoranco.cl\/web\/wp-json\/wp\/v2\/tags?post=4789"}],"curies":[{"name":"wp","href":"https:\/\/api.w.org\/{rel}","templated":true}]}}