{"id":3015,"date":"2022-01-10T10:28:51","date_gmt":"2022-01-10T14:28:51","guid":{"rendered":"http:\/\/www.municipalidadlagoranco.cl\/web\/?p=3015"},"modified":"2026-08-31T14:37:11","modified_gmt":"2026-08-31T18:37:11","slug":"elecciones-organizaciones","status":"publish","type":"post","link":"https:\/\/www.municipalidadlagoranco.cl\/web\/elecciones-organizaciones\/","title":{"rendered":"Elecciones Organizaciones Comunitarias"},"content":{"rendered":"[vc_row][vc_column][vc_separator][\/vc_column][\/vc_row][vc_row][vc_column][vc_single_image image=\u00bb3017&#8243; img_size=\u00bbfull\u00bb style=\u00bbvc_box_border\u00bb][vc_empty_space][vc_column_text css_animation=\u00bbfadeInRight\u00bb]\r\n<h3><span style=\"color: #000080;\"><strong>CONVOCATORIA ELECCIONES <span style=\"color: #ff0000;\">\u00abORGANIZACIONES COMUNITARIAS\u00bb<\/span>\r\n<\/strong><\/span><\/h3>\r\nSe llama a todas las personas pertenecientes a participar de votaciones de las siguientes Organizaciones Comunitarias de Lago Ranco.\r\n<div class=\"col\">\r\n<div class=\"card shadow\">\r\n<div class=\"card-header border-0\">\r\n<h3 class=\"mb-0\"><div class=\"ts-alertbox ts-info-alertbox\"><div class=\"ts-alert-icon\"><span class=\"ts-icon fa fa-info\"><\/span><\/div><div class=\"ts-alert-content\">Importante: Expiraci\u00f3n de Publicaci\u00f3n seg\u00fan archivos adjuntos en cada publicaci\u00f3n<\/div><span class=\"ts-alertbox-close fa fa-times\"><\/span><\/div><\/h3>\r\n<\/div>\r\n<\/div>\r\n<\/div>\r\nContacto: secmunicipal@lagoranco.cl\r\n\r\nClaudia Araneda Nu\u00f1ez\r\n\r\n<strong><span style=\"color: #000080;\">Secretaria Municipal\r\n<\/span><\/strong>[\/vc_column_text][\/vc_column][\/vc_row][vc_column][\/vc_column][vc_row][vc_column][vc_column_text]\r\n<table  class=\"ts-table ts-color-orange\">\r\n<tbody>\r\n<tr>\r\n<th class=\"ts-center ts-min\">Ins#<\/th>\r\n<th>Instituci\u00f3n<\/th>\r\n<th>Fecha Elecciones<\/th>\r\n<th class=\"ts-center ts-min\">Status<\/th>\r\n<th>Mirar<\/th>\r\n<\/tr>\r\n<tr>\r\n<td><img loading=\"lazy\" decoding=\"async\" src=\"http:\/\/www.municipalidadlagoranco.cl\/web\/wp-content\/uploads\/2022\/11\/pdf_1.png\" alt=\"\" width=\"35\" height=\"35\" \/><\/td>\r\n<td>Citaci\u00f3n Junta de Vecinos N\u00b014 El Arenal<\/td>\r\n<td>05\/Septembre\/2026<\/td>\r\n<td><img loading=\"lazy\" decoding=\"async\" src=\"http:\/\/www.municipalidadlagoranco.cl\/web\/wp-content\/uploads\/2022\/11\/check.png\" alt=\"\" width=\"35\" height=\"35\" \/><\/td>\r\n<td><div class=\"text-center\"><a class=\"ts-button ts-color-green ts-button-small ts-icon-left ts-button-effect\" href=\"https:\/\/www.municipalidadlagoranco.cl\/web\/wp-content\/uploads\/2026\/08\/Citacion-Junta-de-Vecinos-N\u00b014-El-Arenal.pdf\" target=\"_blank\"><span class=\"ts-button-icon\"><span class=\"ts-btn-icon fa fa-eye\"><\/span><\/span><span class=\"ts-button-title\">Mirar<\/span><\/a><\/div><\/td>\r\n<\/tr>\r\n<tr>\r\n<td><img loading=\"lazy\" decoding=\"async\" src=\"http:\/\/www.municipalidadlagoranco.cl\/web\/wp-content\/uploads\/2022\/11\/pdf_1.png\" alt=\"\" width=\"35\" height=\"35\" \/><\/td>\r\n<td>Citaci\u00f3n Club Deportivo General Lagos<\/td>\r\n<td>06\/Septiembre\/2026<\/td>\r\n<td><img loading=\"lazy\" decoding=\"async\" src=\"http:\/\/www.municipalidadlagoranco.cl\/web\/wp-content\/uploads\/2022\/11\/check.png\" alt=\"\" width=\"35\" height=\"35\" \/><\/td>\r\n<td><div class=\"text-center\"><a class=\"ts-button ts-color-green ts-button-small ts-icon-left ts-button-effect\" href=\"https:\/\/www.municipalidadlagoranco.cl\/web\/wp-content\/uploads\/2026\/07\/Citacion-Club-Deportivo-General-Lagos.pdf\" target=\"_blank\"><span class=\"ts-button-icon\"><span class=\"ts-btn-icon fa fa-eye\"><\/span><\/span><span class=\"ts-button-title\">Mirar<\/span><\/a><\/div><\/td>\r\n<\/tr>\r\n<tr>\r\n<td><img loading=\"lazy\" decoding=\"async\" src=\"http:\/\/www.municipalidadlagoranco.cl\/web\/wp-content\/uploads\/2022\/11\/pdf_1.png\" alt=\"\" width=\"35\" height=\"35\" \/><\/td>\r\n<td>Citaci\u00f3n Taller Laboral San Pedro<\/td>\r\n<td>14\/Septiembre\/2026<\/td>\r\n<td><img loading=\"lazy\" decoding=\"async\" src=\"http:\/\/www.municipalidadlagoranco.cl\/web\/wp-content\/uploads\/2022\/11\/check.png\" alt=\"\" width=\"35\" height=\"35\" \/><\/td>\r\n<td><div class=\"text-center\"><a class=\"ts-button ts-color-green ts-button-small ts-icon-left ts-button-effect\" href=\"https:\/\/www.municipalidadlagoranco.cl\/web\/wp-content\/uploads\/2026\/07\/Citacion-Taller-Laboral-San-Pedro.pdf\" target=\"_blank\"><span class=\"ts-button-icon\"><span class=\"ts-btn-icon fa fa-eye\"><\/span><\/span><span class=\"ts-button-title\">Mirar<\/span><\/a><\/div><\/td>\r\n<\/tr>\r\n<tr>\r\n<td><img loading=\"lazy\" decoding=\"async\" src=\"http:\/\/www.municipalidadlagoranco.cl\/web\/wp-content\/uploads\/2022\/11\/pdf_1.png\" alt=\"\" width=\"35\" height=\"35\" \/><\/td>\r\n<td>Citaci\u00f3n Agrupaci\u00f3n Artistico Cultural Tringlo Orquesta<\/td>\r\n<td>28\/Septiembre\/2026<\/td>\r\n<td><img loading=\"lazy\" decoding=\"async\" src=\"http:\/\/www.municipalidadlagoranco.cl\/web\/wp-content\/uploads\/2022\/11\/check.png\" alt=\"\" width=\"35\" height=\"35\" \/><\/td>\r\n<td><div class=\"text-center\"><a class=\"ts-button ts-color-green ts-button-small ts-icon-left ts-button-effect\" href=\"https:\/\/www.municipalidadlagoranco.cl\/web\/wp-content\/uploads\/2026\/08\/Citacion-Agrupacion-Artistico-Cultural-Tringlo-Orquesta.pdf\" target=\"_blank\"><span class=\"ts-button-icon\"><span class=\"ts-btn-icon fa fa-eye\"><\/span><\/span><span class=\"ts-button-title\">Mirar<\/span><\/a><\/div><\/td>\r\n<\/tr>\r\n<tr>\r\n<td><img loading=\"lazy\" decoding=\"async\" src=\"http:\/\/www.municipalidadlagoranco.cl\/web\/wp-content\/uploads\/2022\/11\/pdf_1.png\" alt=\"\" width=\"35\" height=\"35\" \/><\/td>\r\n<td>Citaci\u00f3n Liga Deportiva Rural Pitriuco<\/td>\r\n<td>11\/Octubre\/2026<\/td>\r\n<td><img loading=\"lazy\" decoding=\"async\" src=\"http:\/\/www.municipalidadlagoranco.cl\/web\/wp-content\/uploads\/2022\/11\/check.png\" alt=\"\" width=\"35\" height=\"35\" \/><\/td>\r\n<td><div class=\"text-center\"><a class=\"ts-button ts-color-green ts-button-small ts-icon-left ts-button-effect\" href=\"https:\/\/www.municipalidadlagoranco.cl\/web\/wp-content\/uploads\/2026\/08\/Citacion-Liga-Deportiva-Rural-Pitriuco.pdf\" target=\"_blank\"><span class=\"ts-button-icon\"><span class=\"ts-btn-icon fa fa-eye\"><\/span><\/span><span class=\"ts-button-title\">Mirar<\/span><\/a><\/div><\/td>\r\n<\/tr>\r\n<tr>\r\n<td><img loading=\"lazy\" decoding=\"async\" src=\"http:\/\/www.municipalidadlagoranco.cl\/web\/wp-content\/uploads\/2022\/11\/pdf_1.png\" alt=\"\" width=\"35\" height=\"35\" \/><\/td>\r\n<td>Citaci\u00f3n Comit\u00e9 de Vivienda Unidos por un Sue\u00f1o<\/td>\r\n<td>26\/Octubre\/2026<\/td>\r\n<td><img loading=\"lazy\" decoding=\"async\" src=\"http:\/\/www.municipalidadlagoranco.cl\/web\/wp-content\/uploads\/2022\/11\/check.png\" alt=\"\" width=\"35\" height=\"35\" \/><\/td>\r\n<td><div class=\"text-center\"><a class=\"ts-button ts-color-green ts-button-small ts-icon-left ts-button-effect\" href=\"https:\/\/www.municipalidadlagoranco.cl\/web\/wp-content\/uploads\/2026\/08\/Citacion-Comite-de-Vivienda-Unidos-por-un-Sueno.pdf\" target=\"_blank\"><span class=\"ts-button-icon\"><span class=\"ts-btn-icon fa fa-eye\"><\/span><\/span><span class=\"ts-button-title\">Mirar<\/span><\/a><\/div><\/td>\r\n<\/tr>\r\n<\/tbody>\r\n<\/table>\r\n[\/vc_column_text][\/vc_column][\/vc_row]","protected":false},"excerpt":{"rendered":"<p>[vc_row][vc_column][vc_separator][\/vc_column][\/vc_row][vc_row][vc_column][vc_single_image image=\u00bb3017&#8243; img_size=\u00bbfull\u00bb style=\u00bbvc_box_border\u00bb][vc_empty_space][vc_column_text css_animation=\u00bbfadeInRight\u00bb] CONVOCATORIA ELECCIONES \u00abORGANIZACIONES COMUNITARIAS\u00bb Se llama a todas las personas pertenecientes a participar de votaciones de las siguientes Organizaciones Comunitarias de Lago Ranco. Contacto: secmunicipal@lagoranco.cl Claudia Araneda Nu\u00f1ez Secretaria Municipal [\/vc_column_text][\/vc_column][\/vc_row][vc_column][\/vc_column][vc_row][vc_column][vc_column_text][\/vc_column_text][\/vc_column][\/vc_row]<\/p>\n","protected":false},"author":1,"featured_media":0,"comment_status":"closed","ping_status":"open","sticky":false,"template":"","format":"standard","meta":{"_exactmetrics_skip_tracking":false,"footnotes":""},"categories":[1],"tags":[],"class_list":["post-3015","post","type-post","status-publish","format-standard","hentry","category-uncategorized","readmore-type-button"],"yoast_head":"<!-- This site is optimized with the Yoast SEO plugin v28.2 - https:\/\/yoast.com\/product\/yoast-seo-wordpress\/ -->\n<title>Elecciones Organizaciones Comunitarias - Municipalidad Lago Ranco<\/title>\n<meta name=\"robots\" content=\"index, follow, max-snippet:-1, max-image-preview:large, max-video-preview:-1\" \/>\n<link rel=\"canonical\" href=\"https:\/\/www.municipalidadlagoranco.cl\/web\/elecciones-organizaciones\/\" \/>\n<meta property=\"og:locale\" content=\"es_ES\" \/>\n<meta property=\"og:type\" content=\"article\" \/>\n<meta property=\"og:title\" content=\"Elecciones Organizaciones Comunitarias - Municipalidad Lago Ranco\" \/>\n<meta property=\"og:description\" content=\"[vc_row][vc_column][vc_separator][\/vc_column][\/vc_row][vc_row][vc_column][vc_single_image image=\u00bb3017&#8243; img_size=\u00bbfull\u00bb style=\u00bbvc_box_border\u00bb][vc_empty_space][vc_column_text css_animation=\u00bbfadeInRight\u00bb] CONVOCATORIA ELECCIONES \u00abORGANIZACIONES COMUNITARIAS\u00bb Se llama a todas las personas pertenecientes a participar de votaciones de las siguientes Organizaciones Comunitarias de Lago Ranco. Contacto: secmunicipal@lagoranco.cl Claudia Araneda Nu\u00f1ez Secretaria Municipal [\/vc_column_text][\/vc_column][\/vc_row][vc_column][\/vc_column][vc_row][vc_column][vc_column_text][\/vc_column_text][\/vc_column][\/vc_row]\" \/>\n<meta property=\"og:url\" content=\"https:\/\/www.municipalidadlagoranco.cl\/web\/elecciones-organizaciones\/\" \/>\n<meta property=\"og:site_name\" content=\"Municipalidad Lago Ranco\" \/>\n<meta property=\"article:published_time\" content=\"2022-01-10T14:28:51+00:00\" \/>\n<meta property=\"article:modified_time\" content=\"2026-08-31T18:37:11+00:00\" \/>\n<meta property=\"og:image\" content=\"http:\/\/www.municipalidadlagoranco.cl\/web\/wp-content\/uploads\/2022\/11\/pdf_1.png\" \/>\n<meta name=\"author\" content=\"Ranco\" \/>\n<meta name=\"twitter:card\" content=\"summary_large_image\" \/>\n<meta name=\"twitter:label1\" content=\"Escrito por\" \/>\n\t<meta name=\"twitter:data1\" content=\"Ranco\" \/>\n\t<meta name=\"twitter:label2\" content=\"Tiempo de lectura\" \/>\n\t<meta name=\"twitter:data2\" content=\"3 minutos\" \/>\n<script type=\"application\/ld+json\" class=\"yoast-schema-graph\">{\"@context\":\"https:\\\/\\\/schema.org\",\"@graph\":[{\"@type\":\"Article\",\"@id\":\"https:\\\/\\\/www.municipalidadlagoranco.cl\\\/web\\\/elecciones-organizaciones\\\/#article\",\"isPartOf\":{\"@id\":\"https:\\\/\\\/www.municipalidadlagoranco.cl\\\/web\\\/elecciones-organizaciones\\\/\"},\"author\":{\"name\":\"Ranco\",\"@id\":\"https:\\\/\\\/www.municipalidadlagoranco.cl\\\/web\\\/#\\\/schema\\\/person\\\/29c482cd43c1b8be9a7986edf2fa9aa9\"},\"headline\":\"Elecciones Organizaciones Comunitarias\",\"datePublished\":\"2022-01-10T14:28:51+00:00\",\"dateModified\":\"2026-08-31T18:37:11+00:00\",\"mainEntityOfPage\":{\"@id\":\"https:\\\/\\\/www.municipalidadlagoranco.cl\\\/web\\\/elecciones-organizaciones\\\/\"},\"wordCount\":371,\"publisher\":{\"@id\":\"https:\\\/\\\/www.municipalidadlagoranco.cl\\\/web\\\/#organization\"},\"image\":{\"@id\":\"https:\\\/\\\/www.municipalidadlagoranco.cl\\\/web\\\/elecciones-organizaciones\\\/#primaryimage\"},\"thumbnailUrl\":\"http:\\\/\\\/www.municipalidadlagoranco.cl\\\/web\\\/wp-content\\\/uploads\\\/2022\\\/11\\\/pdf_1.png\",\"articleSection\":[\"Uncategorized\"],\"inLanguage\":\"es\"},{\"@type\":\"WebPage\",\"@id\":\"https:\\\/\\\/www.municipalidadlagoranco.cl\\\/web\\\/elecciones-organizaciones\\\/\",\"url\":\"https:\\\/\\\/www.municipalidadlagoranco.cl\\\/web\\\/elecciones-organizaciones\\\/\",\"name\":\"Elecciones Organizaciones Comunitarias - Municipalidad Lago Ranco\",\"isPartOf\":{\"@id\":\"https:\\\/\\\/www.municipalidadlagoranco.cl\\\/web\\\/#website\"},\"primaryImageOfPage\":{\"@id\":\"https:\\\/\\\/www.municipalidadlagoranco.cl\\\/web\\\/elecciones-organizaciones\\\/#primaryimage\"},\"image\":{\"@id\":\"https:\\\/\\\/www.municipalidadlagoranco.cl\\\/web\\\/elecciones-organizaciones\\\/#primaryimage\"},\"thumbnailUrl\":\"http:\\\/\\\/www.municipalidadlagoranco.cl\\\/web\\\/wp-content\\\/uploads\\\/2022\\\/11\\\/pdf_1.png\",\"datePublished\":\"2022-01-10T14:28:51+00:00\",\"dateModified\":\"2026-08-31T18:37:11+00:00\",\"breadcrumb\":{\"@id\":\"https:\\\/\\\/www.municipalidadlagoranco.cl\\\/web\\\/elecciones-organizaciones\\\/#breadcrumb\"},\"inLanguage\":\"es\",\"potentialAction\":[{\"@type\":\"ReadAction\",\"target\":[\"https:\\\/\\\/www.municipalidadlagoranco.cl\\\/web\\\/elecciones-organizaciones\\\/\"]}]},{\"@type\":\"ImageObject\",\"inLanguage\":\"es\",\"@id\":\"https:\\\/\\\/www.municipalidadlagoranco.cl\\\/web\\\/elecciones-organizaciones\\\/#primaryimage\",\"url\":\"https:\\\/\\\/www.municipalidadlagoranco.cl\\\/web\\\/wp-content\\\/uploads\\\/2022\\\/11\\\/pdf_1.png\",\"contentUrl\":\"https:\\\/\\\/www.municipalidadlagoranco.cl\\\/web\\\/wp-content\\\/uploads\\\/2022\\\/11\\\/pdf_1.png\",\"width\":35,\"height\":35},{\"@type\":\"BreadcrumbList\",\"@id\":\"https:\\\/\\\/www.municipalidadlagoranco.cl\\\/web\\\/elecciones-organizaciones\\\/#breadcrumb\",\"itemListElement\":[{\"@type\":\"ListItem\",\"position\":1,\"name\":\"Portada\",\"item\":\"https:\\\/\\\/www.municipalidadlagoranco.cl\\\/web\\\/\"},{\"@type\":\"ListItem\",\"position\":2,\"name\":\"Elecciones Organizaciones Comunitarias\"}]},{\"@type\":\"WebSite\",\"@id\":\"https:\\\/\\\/www.municipalidadlagoranco.cl\\\/web\\\/#website\",\"url\":\"https:\\\/\\\/www.municipalidadlagoranco.cl\\\/web\\\/\",\"name\":\"Municipalidad Lago Ranco\",\"description\":\"Municipalidad Lago Ranco\",\"publisher\":{\"@id\":\"https:\\\/\\\/www.municipalidadlagoranco.cl\\\/web\\\/#organization\"},\"potentialAction\":[{\"@type\":\"SearchAction\",\"target\":{\"@type\":\"EntryPoint\",\"urlTemplate\":\"https:\\\/\\\/www.municipalidadlagoranco.cl\\\/web\\\/?s={search_term_string}\"},\"query-input\":{\"@type\":\"PropertyValueSpecification\",\"valueRequired\":true,\"valueName\":\"search_term_string\"}}],\"inLanguage\":\"es\"},{\"@type\":\"Organization\",\"@id\":\"https:\\\/\\\/www.municipalidadlagoranco.cl\\\/web\\\/#organization\",\"name\":\"Municipalidad de Lago Ranco\",\"url\":\"https:\\\/\\\/www.municipalidadlagoranco.cl\\\/web\\\/\",\"logo\":{\"@type\":\"ImageObject\",\"inLanguage\":\"es\",\"@id\":\"https:\\\/\\\/www.municipalidadlagoranco.cl\\\/web\\\/#\\\/schema\\\/logo\\\/image\\\/\",\"url\":\"http:\\\/\\\/www.municipalidadlagoranco.cl\\\/web\\\/wp-content\\\/uploads\\\/2017\\\/08\\\/Logo-PNG-2.0-1-2.png\",\"contentUrl\":\"http:\\\/\\\/www.municipalidadlagoranco.cl\\\/web\\\/wp-content\\\/uploads\\\/2017\\\/08\\\/Logo-PNG-2.0-1-2.png\",\"width\":100,\"height\":135,\"caption\":\"Municipalidad de Lago Ranco\"},\"image\":{\"@id\":\"https:\\\/\\\/www.municipalidadlagoranco.cl\\\/web\\\/#\\\/schema\\\/logo\\\/image\\\/\"}},{\"@type\":\"Person\",\"@id\":\"https:\\\/\\\/www.municipalidadlagoranco.cl\\\/web\\\/#\\\/schema\\\/person\\\/29c482cd43c1b8be9a7986edf2fa9aa9\",\"name\":\"Ranco\",\"image\":{\"@type\":\"ImageObject\",\"inLanguage\":\"es\",\"@id\":\"https:\\\/\\\/secure.gravatar.com\\\/avatar\\\/ffafe46ef9cbd21840a6af9c2d15504c2737efe8fe6427c1235ad0bbaa49d672?s=96&d=mm&r=g\",\"url\":\"https:\\\/\\\/secure.gravatar.com\\\/avatar\\\/ffafe46ef9cbd21840a6af9c2d15504c2737efe8fe6427c1235ad0bbaa49d672?s=96&d=mm&r=g\",\"contentUrl\":\"https:\\\/\\\/secure.gravatar.com\\\/avatar\\\/ffafe46ef9cbd21840a6af9c2d15504c2737efe8fe6427c1235ad0bbaa49d672?s=96&d=mm&r=g\",\"caption\":\"Ranco\"},\"url\":\"https:\\\/\\\/www.municipalidadlagoranco.cl\\\/web\\\/author\\\/ranco\\\/\"}]}<\/script>\n<!-- \/ Yoast SEO plugin. -->","yoast_head_json":{"title":"Elecciones Organizaciones Comunitarias - Municipalidad Lago Ranco","robots":{"index":"index","follow":"follow","max-snippet":"max-snippet:-1","max-image-preview":"max-image-preview:large","max-video-preview":"max-video-preview:-1"},"canonical":"https:\/\/www.municipalidadlagoranco.cl\/web\/elecciones-organizaciones\/","og_locale":"es_ES","og_type":"article","og_title":"Elecciones Organizaciones Comunitarias - Municipalidad Lago Ranco","og_description":"[vc_row][vc_column][vc_separator][\/vc_column][\/vc_row][vc_row][vc_column][vc_single_image image=\u00bb3017&#8243; img_size=\u00bbfull\u00bb style=\u00bbvc_box_border\u00bb][vc_empty_space][vc_column_text css_animation=\u00bbfadeInRight\u00bb] CONVOCATORIA ELECCIONES \u00abORGANIZACIONES COMUNITARIAS\u00bb Se llama a todas las personas pertenecientes a participar de votaciones de las siguientes Organizaciones Comunitarias de Lago Ranco. Contacto: secmunicipal@lagoranco.cl Claudia Araneda Nu\u00f1ez Secretaria Municipal [\/vc_column_text][\/vc_column][\/vc_row][vc_column][\/vc_column][vc_row][vc_column][vc_column_text][\/vc_column_text][\/vc_column][\/vc_row]","og_url":"https:\/\/www.municipalidadlagoranco.cl\/web\/elecciones-organizaciones\/","og_site_name":"Municipalidad Lago Ranco","article_published_time":"2022-01-10T14:28:51+00:00","article_modified_time":"2026-08-31T18:37:11+00:00","og_image":[{"url":"http:\/\/www.municipalidadlagoranco.cl\/web\/wp-content\/uploads\/2022\/11\/pdf_1.png","type":"","width":"","height":""}],"author":"Ranco","twitter_card":"summary_large_image","twitter_misc":{"Escrito por":"Ranco","Tiempo de lectura":"3 minutos"},"schema":{"@context":"https:\/\/schema.org","@graph":[{"@type":"Article","@id":"https:\/\/www.municipalidadlagoranco.cl\/web\/elecciones-organizaciones\/#article","isPartOf":{"@id":"https:\/\/www.municipalidadlagoranco.cl\/web\/elecciones-organizaciones\/"},"author":{"name":"Ranco","@id":"https:\/\/www.municipalidadlagoranco.cl\/web\/#\/schema\/person\/29c482cd43c1b8be9a7986edf2fa9aa9"},"headline":"Elecciones Organizaciones Comunitarias","datePublished":"2022-01-10T14:28:51+00:00","dateModified":"2026-08-31T18:37:11+00:00","mainEntityOfPage":{"@id":"https:\/\/www.municipalidadlagoranco.cl\/web\/elecciones-organizaciones\/"},"wordCount":371,"publisher":{"@id":"https:\/\/www.municipalidadlagoranco.cl\/web\/#organization"},"image":{"@id":"https:\/\/www.municipalidadlagoranco.cl\/web\/elecciones-organizaciones\/#primaryimage"},"thumbnailUrl":"http:\/\/www.municipalidadlagoranco.cl\/web\/wp-content\/uploads\/2022\/11\/pdf_1.png","articleSection":["Uncategorized"],"inLanguage":"es"},{"@type":"WebPage","@id":"https:\/\/www.municipalidadlagoranco.cl\/web\/elecciones-organizaciones\/","url":"https:\/\/www.municipalidadlagoranco.cl\/web\/elecciones-organizaciones\/","name":"Elecciones Organizaciones Comunitarias - Municipalidad Lago Ranco","isPartOf":{"@id":"https:\/\/www.municipalidadlagoranco.cl\/web\/#website"},"primaryImageOfPage":{"@id":"https:\/\/www.municipalidadlagoranco.cl\/web\/elecciones-organizaciones\/#primaryimage"},"image":{"@id":"https:\/\/www.municipalidadlagoranco.cl\/web\/elecciones-organizaciones\/#primaryimage"},"thumbnailUrl":"http:\/\/www.municipalidadlagoranco.cl\/web\/wp-content\/uploads\/2022\/11\/pdf_1.png","datePublished":"2022-01-10T14:28:51+00:00","dateModified":"2026-08-31T18:37:11+00:00","breadcrumb":{"@id":"https:\/\/www.municipalidadlagoranco.cl\/web\/elecciones-organizaciones\/#breadcrumb"},"inLanguage":"es","potentialAction":[{"@type":"ReadAction","target":["https:\/\/www.municipalidadlagoranco.cl\/web\/elecciones-organizaciones\/"]}]},{"@type":"ImageObject","inLanguage":"es","@id":"https:\/\/www.municipalidadlagoranco.cl\/web\/elecciones-organizaciones\/#primaryimage","url":"https:\/\/www.municipalidadlagoranco.cl\/web\/wp-content\/uploads\/2022\/11\/pdf_1.png","contentUrl":"https:\/\/www.municipalidadlagoranco.cl\/web\/wp-content\/uploads\/2022\/11\/pdf_1.png","width":35,"height":35},{"@type":"BreadcrumbList","@id":"https:\/\/www.municipalidadlagoranco.cl\/web\/elecciones-organizaciones\/#breadcrumb","itemListElement":[{"@type":"ListItem","position":1,"name":"Portada","item":"https:\/\/www.municipalidadlagoranco.cl\/web\/"},{"@type":"ListItem","position":2,"name":"Elecciones Organizaciones Comunitarias"}]},{"@type":"WebSite","@id":"https:\/\/www.municipalidadlagoranco.cl\/web\/#website","url":"https:\/\/www.municipalidadlagoranco.cl\/web\/","name":"Municipalidad Lago Ranco","description":"Municipalidad Lago Ranco","publisher":{"@id":"https:\/\/www.municipalidadlagoranco.cl\/web\/#organization"},"potentialAction":[{"@type":"SearchAction","target":{"@type":"EntryPoint","urlTemplate":"https:\/\/www.municipalidadlagoranco.cl\/web\/?s={search_term_string}"},"query-input":{"@type":"PropertyValueSpecification","valueRequired":true,"valueName":"search_term_string"}}],"inLanguage":"es"},{"@type":"Organization","@id":"https:\/\/www.municipalidadlagoranco.cl\/web\/#organization","name":"Municipalidad de Lago Ranco","url":"https:\/\/www.municipalidadlagoranco.cl\/web\/","logo":{"@type":"ImageObject","inLanguage":"es","@id":"https:\/\/www.municipalidadlagoranco.cl\/web\/#\/schema\/logo\/image\/","url":"http:\/\/www.municipalidadlagoranco.cl\/web\/wp-content\/uploads\/2017\/08\/Logo-PNG-2.0-1-2.png","contentUrl":"http:\/\/www.municipalidadlagoranco.cl\/web\/wp-content\/uploads\/2017\/08\/Logo-PNG-2.0-1-2.png","width":100,"height":135,"caption":"Municipalidad de Lago Ranco"},"image":{"@id":"https:\/\/www.municipalidadlagoranco.cl\/web\/#\/schema\/logo\/image\/"}},{"@type":"Person","@id":"https:\/\/www.municipalidadlagoranco.cl\/web\/#\/schema\/person\/29c482cd43c1b8be9a7986edf2fa9aa9","name":"Ranco","image":{"@type":"ImageObject","inLanguage":"es","@id":"https:\/\/secure.gravatar.com\/avatar\/ffafe46ef9cbd21840a6af9c2d15504c2737efe8fe6427c1235ad0bbaa49d672?s=96&d=mm&r=g","url":"https:\/\/secure.gravatar.com\/avatar\/ffafe46ef9cbd21840a6af9c2d15504c2737efe8fe6427c1235ad0bbaa49d672?s=96&d=mm&r=g","contentUrl":"https:\/\/secure.gravatar.com\/avatar\/ffafe46ef9cbd21840a6af9c2d15504c2737efe8fe6427c1235ad0bbaa49d672?s=96&d=mm&r=g","caption":"Ranco"},"url":"https:\/\/www.municipalidadlagoranco.cl\/web\/author\/ranco\/"}]}},"_links":{"self":[{"href":"https:\/\/www.municipalidadlagoranco.cl\/web\/wp-json\/wp\/v2\/posts\/3015","targetHints":{"allow":["GET"]}}],"collection":[{"href":"https:\/\/www.municipalidadlagoranco.cl\/web\/wp-json\/wp\/v2\/posts"}],"about":[{"href":"https:\/\/www.municipalidadlagoranco.cl\/web\/wp-json\/wp\/v2\/types\/post"}],"author":[{"embeddable":true,"href":"https:\/\/www.municipalidadlagoranco.cl\/web\/wp-json\/wp\/v2\/users\/1"}],"replies":[{"embeddable":true,"href":"https:\/\/www.municipalidadlagoranco.cl\/web\/wp-json\/wp\/v2\/comments?post=3015"}],"version-history":[{"count":245,"href":"https:\/\/www.municipalidadlagoranco.cl\/web\/wp-json\/wp\/v2\/posts\/3015\/revisions"}],"predecessor-version":[{"id":6719,"href":"https:\/\/www.municipalidadlagoranco.cl\/web\/wp-json\/wp\/v2\/posts\/3015\/revisions\/6719"}],"wp:attachment":[{"href":"https:\/\/www.municipalidadlagoranco.cl\/web\/wp-json\/wp\/v2\/media?parent=3015"}],"wp:term":[{"taxonomy":"category","embeddable":true,"href":"https:\/\/www.municipalidadlagoranco.cl\/web\/wp-json\/wp\/v2\/categories?post=3015"},{"taxonomy":"post_tag","embeddable":true,"href":"https:\/\/www.municipalidadlagoranco.cl\/web\/wp-json\/wp\/v2\/tags?post=3015"}],"curies":[{"name":"wp","href":"https:\/\/api.w.org\/{rel}","templated":true}]}}